{"id":691,"date":"2025-07-10T16:50:51","date_gmt":"2025-07-10T16:50:51","guid":{"rendered":"https:\/\/softwareinformatico.com\/blog\/?p=691"},"modified":"2025-07-10T16:50:51","modified_gmt":"2025-07-10T16:50:51","slug":"venta-la-colilla-en-avila","status":"publish","type":"post","link":"https:\/\/softwareinformatico.com\/blog\/venta-la-colilla-en-avila\/","title":{"rendered":"Venta La Colilla en \u00c1vila"},"content":{"rendered":"\n<p>Con m\u00e1s de 50 a\u00f1os de historia, Venta La Colilla es un referente gastron\u00f3mico en \u00c1vila, ofreciendo cocina tradicional espa\u00f1ola elaborada con ingredientes frescos y locales. Nuestro plato estrella, el cocido, es preparado con esmero, siguiendo recetas transmitidas de generaci\u00f3n en generaci\u00f3n.<\/p>\n\n\n\n<p><strong>Especialidades:<\/strong><\/p>\n\n\n\n<ul class=\"wp-block-list\">\n<li><strong>Cocido tradicional:<\/strong>&nbsp;Nuestro emblema culinario, cocinado con ingredientes seleccionados y mucho cari\u00f1o.<\/li>\n\n\n\n<li><strong>Carnes a la brasa:<\/strong>&nbsp;Destacando el chulet\u00f3n de \u00c1vila, tierno y jugoso.<\/li>\n\n\n\n<li><strong>Platos t\u00edpicos:<\/strong>&nbsp;Patatas revolconas, jud\u00edas blancas con matanza, mollejas en salsa, arroces y asados por encargo.<\/li>\n\n\n\n<li><strong>Postres caseros:<\/strong>&nbsp;Elaborados diariamente para endulzar tu experiencia gastron\u00f3mica.<\/li>\n<\/ul>\n\n\n\n<p>En Venta La Colilla, cada comida es una celebraci\u00f3n de la tradici\u00f3n y el buen hacer culinario. Ofrecemos un ambiente acogedor, ideal para compartir momentos especiales con familiares y amigos.<\/p>\n\n\n\n<p><strong>Contacto:<\/strong><\/p>\n\n\n\n<ul class=\"wp-block-list\">\n<li><strong>Direcci\u00f3n:<\/strong>&nbsp;Carretera Soria Plasencia, 261, \u00c1vila<\/li>\n\n\n\n<li><strong>Tel\u00e9fono:<\/strong>&nbsp;+34 648 25 71 10<\/li>\n\n\n\n<li><strong>Email:<\/strong>&nbsp;<a href=\"mailto:info@ventalacolilla.com\">info@ventalacolilla.com<\/a><\/li>\n\n\n\n<li><strong>Web:<\/strong>&nbsp;<a href=\"https:\/\/ventalacolilla.com\/\">www.ventalacolilla.com<\/a><\/li>\n<\/ul>\n\n\n\n<figure class=\"wp-block-image\"><img decoding=\"async\" src=\"https:\/\/blog.colchonesycanapesabatibles.com\/wp-content\/uploads\/2025\/06\/image-1024x472.png\" alt=\"\" class=\"wp-image-1589\"\/><\/figure>\n","protected":false},"excerpt":{"rendered":"<div class=\"mh-excerpt\"><p>Con m\u00e1s de 50 a\u00f1os de historia, Venta La Colilla es un referente gastron\u00f3mico en \u00c1vila, ofreciendo cocina tradicional espa\u00f1ola elaborada con ingredientes frescos y <a class=\"mh-excerpt-more\" href=\"https:\/\/softwareinformatico.com\/blog\/venta-la-colilla-en-avila\/\" title=\"Venta La Colilla en \u00c1vila\">[&#8230;]<\/a><\/p>\n<\/div>","protected":false},"author":1,"featured_media":0,"comment_status":"closed","ping_status":"open","sticky":false,"template":"","format":"standard","meta":{"footnotes":""},"categories":[1],"tags":[],"class_list":["post-691","post","type-post","status-publish","format-standard","hentry","category-sin-categoria"],"_links":{"self":[{"href":"https:\/\/softwareinformatico.com\/blog\/wp-json\/wp\/v2\/posts\/691","targetHints":{"allow":["GET"]}}],"collection":[{"href":"https:\/\/softwareinformatico.com\/blog\/wp-json\/wp\/v2\/posts"}],"about":[{"href":"https:\/\/softwareinformatico.com\/blog\/wp-json\/wp\/v2\/types\/post"}],"author":[{"embeddable":true,"href":"https:\/\/softwareinformatico.com\/blog\/wp-json\/wp\/v2\/users\/1"}],"replies":[{"embeddable":true,"href":"https:\/\/softwareinformatico.com\/blog\/wp-json\/wp\/v2\/comments?post=691"}],"version-history":[{"count":0,"href":"https:\/\/softwareinformatico.com\/blog\/wp-json\/wp\/v2\/posts\/691\/revisions"}],"wp:attachment":[{"href":"https:\/\/softwareinformatico.com\/blog\/wp-json\/wp\/v2\/media?parent=691"}],"wp:term":[{"taxonomy":"category","embeddable":true,"href":"https:\/\/softwareinformatico.com\/blog\/wp-json\/wp\/v2\/categories?post=691"},{"taxonomy":"post_tag","embeddable":true,"href":"https:\/\/softwareinformatico.com\/blog\/wp-json\/wp\/v2\/tags?post=691"}],"curies":[{"name":"wp","href":"https:\/\/api.w.org\/{rel}","templated":true}]}}