{"id":694,"date":"2025-08-05T14:44:48","date_gmt":"2025-08-05T14:44:48","guid":{"rendered":"https:\/\/softwareinformatico.com\/blog\/?p=694"},"modified":"2025-08-05T14:44:48","modified_gmt":"2025-08-05T14:44:48","slug":"gestoria-martin-vera-asociadas-gestoria-huetor-vega","status":"publish","type":"post","link":"https:\/\/softwareinformatico.com\/blog\/gestoria-martin-vera-asociadas-gestoria-huetor-vega\/","title":{"rendered":"Gestor\u00eda Martin &amp;\u202fVera Asociadas (Gestor\u00eda Hu\u00e9tor Vega)"},"content":{"rendered":"\n<p><strong>Gestor\u00eda Hu\u00e9tor Vega<\/strong> es una asesor\u00eda integral ubicada en <strong>Calle Jim\u00e9nez, 5 \u2013 Hu\u00e9tor Vega (Granada)<\/strong>. Ofrecemos soluciones personalizadas para <strong>aut\u00f3nomos, empresas y particulares<\/strong>, con un trato cercano y profesional.<\/p>\n\n\n\n<h3 class=\"wp-block-heading\">\ud83e\uddfe Servicios que ofrecemos:<\/h3>\n\n\n\n<ul class=\"wp-block-list\">\n<li><strong>Asesor\u00eda fiscal, contable y laboral<\/strong><\/li>\n\n\n\n<li><strong>Consultor\u00eda jur\u00eddica y mercantil<\/strong><\/li>\n\n\n\n<li>Tramitaci\u00f3n de <strong>altas de aut\u00f3nomos, IRPF, IVA, declaraciones, herencias, escrituras<\/strong><\/li>\n\n\n\n<li><strong>Gesti\u00f3n de notificaciones y certificados digitales<\/strong><\/li>\n\n\n\n<li>Tienda online de servicios administrativos: certificados, modelos oficiales, etc.<br>\ud83d\udc49 Vis\u00edtala en: <a class=\"\" href=\"https:\/\/gestoriahuetorvega.es\/tienda\/\">https:\/\/gestoriahuetorvega.es\/tienda\/<\/a><\/li>\n<\/ul>\n\n\n\n<h3 class=\"wp-block-heading\">\ud83d\udd52 Horario de atenci\u00f3n:<\/h3>\n\n\n\n<ul class=\"wp-block-list\">\n<li><strong>Lunes a jueves<\/strong>: 09:30 \u2013 13:30 y 17:00 \u2013 20:00<\/li>\n\n\n\n<li><strong>Viernes<\/strong>: 09:30 \u2013 13:30<\/li>\n\n\n\n<li><strong>S\u00e1bados y domingos<\/strong>: Cerrado<\/li>\n<\/ul>\n\n\n\n<h3 class=\"wp-block-heading\">\ud83d\udccd Datos de contacto:<\/h3>\n\n\n\n<ul class=\"wp-block-list\">\n<li><strong>Tel\u00e9fonos<\/strong>: 695 24 30 49 \/ 858 812 849<\/li>\n\n\n\n<li><strong>Email<\/strong>: gestoria.martinvera@gmail.com<\/li>\n\n\n\n<li><strong>Web<\/strong>: <a class=\"\" href=\"https:\/\/gestoriahuetorvega.es\">https:\/\/gestoriahuetorvega.es<\/a><\/li>\n\n\n\n<li>S\u00edguenos en redes sociales: Facebook, Instagram, Twitter y LinkedIn.<\/li>\n<\/ul>\n\n\n<div class=\"wp-block-image\">\n<figure class=\"aligncenter size-full\"><img decoding=\"async\" src=\"https:\/\/menusonline.es\/blog\/wp-content\/uploads\/2025\/08\/image.png\" alt=\"\" class=\"wp-image-538\"\/><\/figure>\n<\/div>","protected":false},"excerpt":{"rendered":"<div class=\"mh-excerpt\"><p>Gestor\u00eda Hu\u00e9tor Vega es una asesor\u00eda integral ubicada en Calle Jim\u00e9nez, 5 \u2013 Hu\u00e9tor Vega (Granada). Ofrecemos soluciones personalizadas para aut\u00f3nomos, empresas y particulares, con <a class=\"mh-excerpt-more\" href=\"https:\/\/softwareinformatico.com\/blog\/gestoria-martin-vera-asociadas-gestoria-huetor-vega\/\" title=\"Gestor\u00eda Martin &amp;\u202fVera Asociadas (Gestor\u00eda Hu\u00e9tor Vega)\">[&#8230;]<\/a><\/p>\n<\/div>","protected":false},"author":1,"featured_media":0,"comment_status":"closed","ping_status":"open","sticky":false,"template":"","format":"standard","meta":{"footnotes":""},"categories":[1],"tags":[],"class_list":["post-694","post","type-post","status-publish","format-standard","hentry","category-sin-categoria"],"_links":{"self":[{"href":"https:\/\/softwareinformatico.com\/blog\/wp-json\/wp\/v2\/posts\/694","targetHints":{"allow":["GET"]}}],"collection":[{"href":"https:\/\/softwareinformatico.com\/blog\/wp-json\/wp\/v2\/posts"}],"about":[{"href":"https:\/\/softwareinformatico.com\/blog\/wp-json\/wp\/v2\/types\/post"}],"author":[{"embeddable":true,"href":"https:\/\/softwareinformatico.com\/blog\/wp-json\/wp\/v2\/users\/1"}],"replies":[{"embeddable":true,"href":"https:\/\/softwareinformatico.com\/blog\/wp-json\/wp\/v2\/comments?post=694"}],"version-history":[{"count":0,"href":"https:\/\/softwareinformatico.com\/blog\/wp-json\/wp\/v2\/posts\/694\/revisions"}],"wp:attachment":[{"href":"https:\/\/softwareinformatico.com\/blog\/wp-json\/wp\/v2\/media?parent=694"}],"wp:term":[{"taxonomy":"category","embeddable":true,"href":"https:\/\/softwareinformatico.com\/blog\/wp-json\/wp\/v2\/categories?post=694"},{"taxonomy":"post_tag","embeddable":true,"href":"https:\/\/softwareinformatico.com\/blog\/wp-json\/wp\/v2\/tags?post=694"}],"curies":[{"name":"wp","href":"https:\/\/api.w.org\/{rel}","templated":true}]}}